{"id":2870,"date":"2023-10-03T14:48:47","date_gmt":"2023-10-03T13:48:47","guid":{"rendered":"https:\/\/www.jouwweb.nl\/blog\/?p=2870"},"modified":"2025-08-18T14:09:40","modified_gmt":"2025-08-18T13:09:40","slug":"rencontrez-christian-et-le-vignoble-des-templiers","status":"publish","type":"post","link":"https:\/\/www.webador.fr\/blog\/rencontrez-christian-et-le-vignoble-des-templiers\/","title":{"rendered":"Du vin au pays de la bi\u00e8re ? C&#8217;est le pari de Christian et du vignoble des Templiers."},"content":{"rendered":"\n<p>Du vin fran\u00e7ais, du vin italien\u2026 Et pourquoi pas du vin belge ? Au pays de la bi\u00e8re, cela peut para\u00eetre original de produire du vin, et pourtant c\u2019est le d\u00e9fi que s\u2019est lanc\u00e9 Christian Eymael.<\/p>\n\n\n\n<p>Nous avons rencontr\u00e9 le fondateur du vignoble des Templiers qui nous a partag\u00e9 sa passion pour le vin et le local.&nbsp;<\/p>\n\n\n\n<h2 class=\"wp-block-heading\"><strong>Un projet de reconversion<\/strong><\/h2>\n\n\n\n<p><em>\u00ab Ce n\u2019\u00e9tait peut-\u00eatre pas l\u2019investissement le plus rentable, mais c\u2019est un investissement de c\u0153ur. \u00bb<\/em><\/p>\n\n\n\n<p>Apr\u00e8s avoir travaill\u00e9 pendant plus de 20 ans dans le secteur technique, Christian a d\u00e9cid\u00e9 de se reconvertir et de se lancer dans la viticulture. Il a suivi une formation de 2 ans qui lui a permis de rencontrer d\u2019autres passionn\u00e9s et de construire un petit r\u00e9seau de viticulteurs wallons.<\/p>\n\n\n\n<p>La cr\u00e9ation de son vignoble lui a permis de valoriser des terres appartenant \u00e0 ses parents, jusque-l\u00e0 peu exploit\u00e9es. Inspir\u00e9e par son projet, la s\u0153ur de Christian a aussi d\u00e9cid\u00e9 de mettre \u00e0 profit le domaine familial en commen\u00e7ant un petit \u00e9levage ovin. Le nom du vignoble est venu tout naturellement \u00e0 l\u2019esprit de notre cher vigneron, habitant du village de Villers-le-Temple, o\u00f9 les vestiges de la commanderie des Templiers sont encore visibles.<\/p>\n\n\n\n<figure class=\"wp-block-image\"><img decoding=\"async\" src=\"https:\/\/lh5.googleusercontent.com\/iuMmVwBJi37-FctnAyHGyBbStp1XGbu99Us_c4QXs8GjaOACGYuCauFhu4fCMFkpIKyuFbboNuXAzzPiHzbx_kthJcgdW894r0GpSKPcJbKFZTvEdVsTNNhvPgEUNXb8zFrEID2ao8hIlO2Wwg2Nr18\" alt=\"\"\/><\/figure>\n\n\n\n<h2 class=\"wp-block-heading\"><strong>Production et distribution locales<\/strong><\/h2>\n\n\n\n<p>Avec l\u2019objectif de produire environ 50 000 bouteilles de vin par an d\u2019ici quelques ann\u00e9es, Christian souhaite s\u2019adresser \u00e0 un public local. Il a choisi avec soin des c\u00e9pages adapt\u00e9s au climat wallon qui lui permettent de faire un vin appr\u00e9ci\u00e9 des papilles belges. Il lui tient \u00e0 c\u0153ur de contr\u00f4ler l\u2019enti\u00e8ret\u00e9 du processus de fabrication et de distribution en portant une casquette \u00e0 3 V : viticulteur, vinificateur et vendeur.<\/p>\n\n\n\n<p>Son<a href=\"https:\/\/www.vignobledestempliers.be\/\"> site internet<\/a>, cr\u00e9\u00e9 avec Webador, lui permet de vendre ses bouteilles directement aux consommateurs. Cela lui assure une r\u00e9mun\u00e9ration plus juste et la cr\u00e9ation d\u2019un lien plus fort avec ces clients. Il y pr\u00e9sente aussi ses projets d\u2019avenir, son histoire et appelle au financement participatif. Avec les fonds r\u00e9cup\u00e9r\u00e9s, il esp\u00e8re am\u00e9liorer l\u2019am\u00e9nagement de ses vignes et tisser une relation de confiance avec ses investisseurs. \u00c9tant un entrepreneur tr\u00e8s occup\u00e9, Christian appr\u00e9cie la facilit\u00e9 d\u2019utilisation et l\u2019intuitivit\u00e9 de l\u2019\u00e9diteur<a href=\"https:\/\/www.webador.fr\/\"> Webador<\/a>.<\/p>\n\n\n\n<h2 class=\"wp-block-heading\"><strong>L\u2019union fait la force<\/strong><\/h2>\n\n\n\n<p>Plut\u00f4t que de voir les autres vignerons wallons comme des concurrents, Christian les consid\u00e8re comme des partenaires. <em>\u00ab Nous sommes plus forts \u00e0 travailler ensemble. \u00bb<\/em> Il a pour objectif de lancer un chai coop\u00e9ratif avec d\u2019autres producteurs viticoles de la r\u00e9gion. Ils pourraient ainsi s\u2019entraider et partager du mat\u00e9riel. Il travaille d\u00e9j\u00e0 avec un autre passionn\u00e9 du vin, Yohan Royer, docteur en microbiologie qu&#8217;il a rencontr\u00e9 lors de sa formation en viticulture. \u00c0 l\u2019heure actuelle, ils testent ensemble cinq cuv\u00e9es et am\u00e9liorent de fa\u00e7on continue leur processus de vinification.<\/p>\n\n\n\n<figure class=\"wp-block-image\"><img decoding=\"async\" src=\"https:\/\/lh4.googleusercontent.com\/GS5il90e7jTNLcJNNk8UOmZr_95rFncSWBl0fpntsJxy-aLjAgadeGEmjm4XBge-8CtF19LqIBDcNRaoZFFlyOEEUWuegKMaltrKlKVKO9osjIuYpmCYeqGQvrhj6F9g_ABWeiagyKeVSqmRlhxCuWA\" alt=\"\"\/><\/figure>\n\n\n\n<h2 class=\"wp-block-heading\"><strong>Avoir la t\u00eate sur les \u00e9paules<\/strong><\/h2>\n\n\n\n<p><em>\u00ab Il faut savoir ce qu\u2019on peut se permettre. \u00bb<\/em><\/p>\n\n\n\n<p>M\u00eame si Christian est un passionn\u00e9, il garde les pieds sur Terre. Il sait qu\u2019il est primordial d\u2019avoir une connaissance solide de son march\u00e9 avant de se lancer. La production viticole reste un march\u00e9 de niche pour l\u2019instant en Wallonie, ce qui est plut\u00f4t favorable pour son activit\u00e9 et celle de ses comp\u00e8res. Toutefois, il faut bien conna\u00eetre les clients cibles et leur besoin.  Quel type de vin produire ? Par exemple, le vin blanc effervescent est particuli\u00e8rement populaire en Belgique. Christian conseille \u00e9galement d\u2019\u00e9tablir un plan d\u2019affaires pour se rendre compte du montant \u00e0 investir et avoir une id\u00e9e de l\u2019\u00e9volution de la tr\u00e9sorerie sur les cinq premi\u00e8res ann\u00e9es.&nbsp;<\/p>\n\n\n\n<p>Envie de soutenir le vignoble des Templiers ? Retrouvez plus d\u2019informations sur son<a href=\"https:\/\/www.vignobledestempliers.be\/\"> site internet<\/a> et son<a href=\"https:\/\/www.facebook.com\/vignobledestempliers\/\"> compte Facebook<\/a>.<\/p>\n\n\n\n<p>Et vous ? Quand est-ce que vous sautez le pas ? Rejoignez la communaut\u00e9 Webador !<\/p>\n","protected":false},"excerpt":{"rendered":"<p>Du vin fran\u00e7ais, du vin italien\u2026 Et pourquoi pas du vin belge ? Au pays de la bi\u00e8re, cela peut para\u00eetre original de produire du vin, et pourtant c\u2019est le d\u00e9fi que s\u2019est lanc\u00e9 Christian Eymael. Nous avons rencontr\u00e9 le fondateur du vignoble des Templiers qui nous a partag\u00e9 sa passion pour le vin et&hellip;<\/p>\n","protected":false},"author":7,"featured_media":2875,"comment_status":"open","ping_status":"closed","sticky":false,"template":"","format":"standard","meta":{"inline_featured_image":false,"footnotes":""},"categories":[88,77],"tags":[597,479,481,477,517],"class_list":["post-2870","post","type-post","status-publish","format-standard","has-post-thumbnail","hentry","category-entrepreneuriat","category-webador","tag-client-webador","tag-customer-story","tag-customer-success-story","tag-success-stories","tag-success-story"],"yoast_head":"<!-- This site is optimized with the Yoast SEO plugin v25.0 - https:\/\/yoast.com\/wordpress\/plugins\/seo\/ -->\n<title>Du vin au pays de la bi\u00e8re ? C&#039;est le pari de Christian et du vignoble des Templiers. - JouwWeb<\/title>\n<meta name=\"description\" content=\"Rencontrez Christian, fondateur du Vignoble des Templiers en Belgique.\" \/>\n<meta name=\"robots\" content=\"index, follow, max-snippet:-1, max-image-preview:large, max-video-preview:-1\" \/>\n<link rel=\"canonical\" href=\"https:\/\/www.webador.fr\/blog\/rencontrez-christian-et-le-vignoble-des-templiers\/\" \/>\n<meta property=\"og:locale\" content=\"en_US\" \/>\n<meta property=\"og:type\" content=\"article\" \/>\n<meta property=\"og:title\" content=\"Du vin au pays de la bi\u00e8re ? C&#039;est le pari de Christian et du vignoble des Templiers. - JouwWeb\" \/>\n<meta property=\"og:description\" content=\"Rencontrez Christian, fondateur du Vignoble des Templiers en Belgique.\" \/>\n<meta property=\"og:url\" content=\"https:\/\/www.webador.fr\/blog\/rencontrez-christian-et-le-vignoble-des-templiers\/\" \/>\n<meta property=\"og:site_name\" content=\"JouwWeb\" \/>\n<meta property=\"article:published_time\" content=\"2023-10-03T13:48:47+00:00\" \/>\n<meta property=\"article:modified_time\" content=\"2025-08-18T13:09:40+00:00\" \/>\n<meta property=\"og:image\" content=\"https:\/\/www.jouwweb.nl\/blog\/wp-content\/uploads\/2023\/10\/Capture-decran-2023-10-03-154513.png\" \/>\n\t<meta property=\"og:image:width\" content=\"1137\" \/>\n\t<meta property=\"og:image:height\" content=\"642\" \/>\n\t<meta property=\"og:image:type\" content=\"image\/png\" \/>\n<meta name=\"author\" content=\"Webador Fran\u00e7ais\" \/>\n<meta name=\"twitter:card\" content=\"summary_large_image\" \/>\n<meta name=\"twitter:label1\" content=\"Written by\" \/>\n\t<meta name=\"twitter:data1\" content=\"Webador Fran\u00e7ais\" \/>\n\t<meta name=\"twitter:label2\" content=\"Est. reading time\" \/>\n\t<meta name=\"twitter:data2\" content=\"4 minutes\" \/>\n<script type=\"application\/ld+json\" class=\"yoast-schema-graph\">{\"@context\":\"https:\/\/schema.org\",\"@graph\":[{\"@type\":[\"Article\",\"BlogPosting\"],\"@id\":\"https:\/\/www.webador.fr\/blog\/rencontrez-christian-et-le-vignoble-des-templiers\/#article\",\"isPartOf\":{\"@id\":\"https:\/\/www.webador.fr\/blog\/rencontrez-christian-et-le-vignoble-des-templiers\/\"},\"author\":{\"name\":\"Webador Fran\u00e7ais\",\"@id\":\"https:\/\/www.jouwweb.nl\/blog\/#\/schema\/person\/fa84bc25ceb389fc5a5825380bf0947b\"},\"headline\":\"Du vin au pays de la bi\u00e8re ? C&#8217;est le pari de Christian et du vignoble des Templiers.\",\"datePublished\":\"2023-10-03T13:48:47+00:00\",\"dateModified\":\"2025-08-18T13:09:40+00:00\",\"mainEntityOfPage\":{\"@id\":\"https:\/\/www.webador.fr\/blog\/rencontrez-christian-et-le-vignoble-des-templiers\/\"},\"wordCount\":689,\"commentCount\":0,\"publisher\":{\"@id\":\"https:\/\/www.jouwweb.nl\/blog\/#organization\"},\"image\":{\"@id\":\"https:\/\/www.webador.fr\/blog\/rencontrez-christian-et-le-vignoble-des-templiers\/#primaryimage\"},\"thumbnailUrl\":\"https:\/\/www.webador.fr\/blog\/wp-content\/uploads\/2023\/10\/Capture-decran-2023-10-03-154513.png\",\"keywords\":[\"client webador\",\"customer story\",\"customer success story\",\"success stories\",\"success story\"],\"articleSection\":[\"Entrepreneuriat\",\"Webador\"],\"inLanguage\":\"en-US\",\"potentialAction\":[{\"@type\":\"CommentAction\",\"name\":\"Comment\",\"target\":[\"https:\/\/www.webador.fr\/blog\/rencontrez-christian-et-le-vignoble-des-templiers\/#respond\"]}]},{\"@type\":\"WebPage\",\"@id\":\"https:\/\/www.webador.fr\/blog\/rencontrez-christian-et-le-vignoble-des-templiers\/\",\"url\":\"https:\/\/www.webador.fr\/blog\/rencontrez-christian-et-le-vignoble-des-templiers\/\",\"name\":\"Du vin au pays de la bi\u00e8re ? C'est le pari de Christian et du vignoble des Templiers. - JouwWeb\",\"isPartOf\":{\"@id\":\"https:\/\/www.jouwweb.nl\/blog\/#website\"},\"primaryImageOfPage\":{\"@id\":\"https:\/\/www.webador.fr\/blog\/rencontrez-christian-et-le-vignoble-des-templiers\/#primaryimage\"},\"image\":{\"@id\":\"https:\/\/www.webador.fr\/blog\/rencontrez-christian-et-le-vignoble-des-templiers\/#primaryimage\"},\"thumbnailUrl\":\"https:\/\/www.webador.fr\/blog\/wp-content\/uploads\/2023\/10\/Capture-decran-2023-10-03-154513.png\",\"datePublished\":\"2023-10-03T13:48:47+00:00\",\"dateModified\":\"2025-08-18T13:09:40+00:00\",\"description\":\"Rencontrez Christian, fondateur du Vignoble des Templiers en Belgique.\",\"breadcrumb\":{\"@id\":\"https:\/\/www.webador.fr\/blog\/rencontrez-christian-et-le-vignoble-des-templiers\/#breadcrumb\"},\"inLanguage\":\"en-US\",\"potentialAction\":[{\"@type\":\"ReadAction\",\"target\":[\"https:\/\/www.webador.fr\/blog\/rencontrez-christian-et-le-vignoble-des-templiers\/\"]}]},{\"@type\":\"ImageObject\",\"inLanguage\":\"en-US\",\"@id\":\"https:\/\/www.webador.fr\/blog\/rencontrez-christian-et-le-vignoble-des-templiers\/#primaryimage\",\"url\":\"https:\/\/www.webador.fr\/blog\/wp-content\/uploads\/2023\/10\/Capture-decran-2023-10-03-154513.png\",\"contentUrl\":\"https:\/\/www.webador.fr\/blog\/wp-content\/uploads\/2023\/10\/Capture-decran-2023-10-03-154513.png\",\"width\":1137,\"height\":642},{\"@type\":\"BreadcrumbList\",\"@id\":\"https:\/\/www.webador.fr\/blog\/rencontrez-christian-et-le-vignoble-des-templiers\/#breadcrumb\",\"itemListElement\":[{\"@type\":\"ListItem\",\"position\":1,\"name\":\"Home\",\"item\":\"https:\/\/www.jouwweb.nl\/blog\/\"},{\"@type\":\"ListItem\",\"position\":2,\"name\":\"Du vin au pays de la bi\u00e8re ? C&#8217;est le pari de Christian et du vignoble des Templiers.\"}]},{\"@type\":\"WebSite\",\"@id\":\"https:\/\/www.jouwweb.nl\/blog\/#website\",\"url\":\"https:\/\/www.jouwweb.nl\/blog\/\",\"name\":\"JouwWeb\",\"description\":\"Blog voor kleine ondernemers\",\"publisher\":{\"@id\":\"https:\/\/www.jouwweb.nl\/blog\/#organization\"},\"potentialAction\":[{\"@type\":\"SearchAction\",\"target\":{\"@type\":\"EntryPoint\",\"urlTemplate\":\"https:\/\/www.jouwweb.nl\/blog\/?s={search_term_string}\"},\"query-input\":{\"@type\":\"PropertyValueSpecification\",\"valueRequired\":true,\"valueName\":\"search_term_string\"}}],\"inLanguage\":\"en-US\"},{\"@type\":\"Organization\",\"@id\":\"https:\/\/www.jouwweb.nl\/blog\/#organization\",\"name\":\"JouwWeb\",\"url\":\"https:\/\/www.jouwweb.nl\/blog\/\",\"logo\":{\"@type\":\"ImageObject\",\"inLanguage\":\"en-US\",\"@id\":\"https:\/\/www.jouwweb.nl\/blog\/#\/schema\/logo\/image\/\",\"url\":\"https:\/\/www.jouwweb.nl\/blog\/wp-content\/uploads\/2022\/02\/logo-dark.svg\",\"contentUrl\":\"https:\/\/www.jouwweb.nl\/blog\/wp-content\/uploads\/2022\/02\/logo-dark.svg\",\"width\":150,\"height\":36,\"caption\":\"JouwWeb\"},\"image\":{\"@id\":\"https:\/\/www.jouwweb.nl\/blog\/#\/schema\/logo\/image\/\"}},{\"@type\":\"Person\",\"@id\":\"https:\/\/www.jouwweb.nl\/blog\/#\/schema\/person\/fa84bc25ceb389fc5a5825380bf0947b\",\"name\":\"Webador Fran\u00e7ais\",\"image\":{\"@type\":\"ImageObject\",\"inLanguage\":\"en-US\",\"@id\":\"https:\/\/www.jouwweb.nl\/blog\/#\/schema\/person\/image\/\",\"url\":\"https:\/\/secure.gravatar.com\/avatar\/65d09fcbe8bcd78999822315bdb8de1b929e28a9681142014f01a092cdb6b6c2?s=96&d=mm&r=g\",\"contentUrl\":\"https:\/\/secure.gravatar.com\/avatar\/65d09fcbe8bcd78999822315bdb8de1b929e28a9681142014f01a092cdb6b6c2?s=96&d=mm&r=g\",\"caption\":\"Webador Fran\u00e7ais\"}}]}<\/script>\n<!-- \/ Yoast SEO plugin. -->","yoast_head_json":{"title":"Du vin au pays de la bi\u00e8re ? C'est le pari de Christian et du vignoble des Templiers. - JouwWeb","description":"Rencontrez Christian, fondateur du Vignoble des Templiers en Belgique.","robots":{"index":"index","follow":"follow","max-snippet":"max-snippet:-1","max-image-preview":"max-image-preview:large","max-video-preview":"max-video-preview:-1"},"canonical":"https:\/\/www.webador.fr\/blog\/rencontrez-christian-et-le-vignoble-des-templiers\/","og_locale":"en_US","og_type":"article","og_title":"Du vin au pays de la bi\u00e8re ? C'est le pari de Christian et du vignoble des Templiers. - JouwWeb","og_description":"Rencontrez Christian, fondateur du Vignoble des Templiers en Belgique.","og_url":"https:\/\/www.webador.fr\/blog\/rencontrez-christian-et-le-vignoble-des-templiers\/","og_site_name":"JouwWeb","article_published_time":"2023-10-03T13:48:47+00:00","article_modified_time":"2025-08-18T13:09:40+00:00","og_image":[{"width":1137,"height":642,"url":"https:\/\/www.jouwweb.nl\/blog\/wp-content\/uploads\/2023\/10\/Capture-decran-2023-10-03-154513.png","type":"image\/png"}],"author":"Webador Fran\u00e7ais","twitter_card":"summary_large_image","twitter_misc":{"Written by":"Webador Fran\u00e7ais","Est. reading time":"4 minutes"},"schema":{"@context":"https:\/\/schema.org","@graph":[{"@type":["Article","BlogPosting"],"@id":"https:\/\/www.webador.fr\/blog\/rencontrez-christian-et-le-vignoble-des-templiers\/#article","isPartOf":{"@id":"https:\/\/www.webador.fr\/blog\/rencontrez-christian-et-le-vignoble-des-templiers\/"},"author":{"name":"Webador Fran\u00e7ais","@id":"https:\/\/www.jouwweb.nl\/blog\/#\/schema\/person\/fa84bc25ceb389fc5a5825380bf0947b"},"headline":"Du vin au pays de la bi\u00e8re ? C&#8217;est le pari de Christian et du vignoble des Templiers.","datePublished":"2023-10-03T13:48:47+00:00","dateModified":"2025-08-18T13:09:40+00:00","mainEntityOfPage":{"@id":"https:\/\/www.webador.fr\/blog\/rencontrez-christian-et-le-vignoble-des-templiers\/"},"wordCount":689,"commentCount":0,"publisher":{"@id":"https:\/\/www.jouwweb.nl\/blog\/#organization"},"image":{"@id":"https:\/\/www.webador.fr\/blog\/rencontrez-christian-et-le-vignoble-des-templiers\/#primaryimage"},"thumbnailUrl":"https:\/\/www.webador.fr\/blog\/wp-content\/uploads\/2023\/10\/Capture-decran-2023-10-03-154513.png","keywords":["client webador","customer story","customer success story","success stories","success story"],"articleSection":["Entrepreneuriat","Webador"],"inLanguage":"en-US","potentialAction":[{"@type":"CommentAction","name":"Comment","target":["https:\/\/www.webador.fr\/blog\/rencontrez-christian-et-le-vignoble-des-templiers\/#respond"]}]},{"@type":"WebPage","@id":"https:\/\/www.webador.fr\/blog\/rencontrez-christian-et-le-vignoble-des-templiers\/","url":"https:\/\/www.webador.fr\/blog\/rencontrez-christian-et-le-vignoble-des-templiers\/","name":"Du vin au pays de la bi\u00e8re ? C'est le pari de Christian et du vignoble des Templiers. - JouwWeb","isPartOf":{"@id":"https:\/\/www.jouwweb.nl\/blog\/#website"},"primaryImageOfPage":{"@id":"https:\/\/www.webador.fr\/blog\/rencontrez-christian-et-le-vignoble-des-templiers\/#primaryimage"},"image":{"@id":"https:\/\/www.webador.fr\/blog\/rencontrez-christian-et-le-vignoble-des-templiers\/#primaryimage"},"thumbnailUrl":"https:\/\/www.webador.fr\/blog\/wp-content\/uploads\/2023\/10\/Capture-decran-2023-10-03-154513.png","datePublished":"2023-10-03T13:48:47+00:00","dateModified":"2025-08-18T13:09:40+00:00","description":"Rencontrez Christian, fondateur du Vignoble des Templiers en Belgique.","breadcrumb":{"@id":"https:\/\/www.webador.fr\/blog\/rencontrez-christian-et-le-vignoble-des-templiers\/#breadcrumb"},"inLanguage":"en-US","potentialAction":[{"@type":"ReadAction","target":["https:\/\/www.webador.fr\/blog\/rencontrez-christian-et-le-vignoble-des-templiers\/"]}]},{"@type":"ImageObject","inLanguage":"en-US","@id":"https:\/\/www.webador.fr\/blog\/rencontrez-christian-et-le-vignoble-des-templiers\/#primaryimage","url":"https:\/\/www.webador.fr\/blog\/wp-content\/uploads\/2023\/10\/Capture-decran-2023-10-03-154513.png","contentUrl":"https:\/\/www.webador.fr\/blog\/wp-content\/uploads\/2023\/10\/Capture-decran-2023-10-03-154513.png","width":1137,"height":642},{"@type":"BreadcrumbList","@id":"https:\/\/www.webador.fr\/blog\/rencontrez-christian-et-le-vignoble-des-templiers\/#breadcrumb","itemListElement":[{"@type":"ListItem","position":1,"name":"Home","item":"https:\/\/www.jouwweb.nl\/blog\/"},{"@type":"ListItem","position":2,"name":"Du vin au pays de la bi\u00e8re ? C&#8217;est le pari de Christian et du vignoble des Templiers."}]},{"@type":"WebSite","@id":"https:\/\/www.jouwweb.nl\/blog\/#website","url":"https:\/\/www.jouwweb.nl\/blog\/","name":"JouwWeb","description":"Blog voor kleine ondernemers","publisher":{"@id":"https:\/\/www.jouwweb.nl\/blog\/#organization"},"potentialAction":[{"@type":"SearchAction","target":{"@type":"EntryPoint","urlTemplate":"https:\/\/www.jouwweb.nl\/blog\/?s={search_term_string}"},"query-input":{"@type":"PropertyValueSpecification","valueRequired":true,"valueName":"search_term_string"}}],"inLanguage":"en-US"},{"@type":"Organization","@id":"https:\/\/www.jouwweb.nl\/blog\/#organization","name":"JouwWeb","url":"https:\/\/www.jouwweb.nl\/blog\/","logo":{"@type":"ImageObject","inLanguage":"en-US","@id":"https:\/\/www.jouwweb.nl\/blog\/#\/schema\/logo\/image\/","url":"https:\/\/www.jouwweb.nl\/blog\/wp-content\/uploads\/2022\/02\/logo-dark.svg","contentUrl":"https:\/\/www.jouwweb.nl\/blog\/wp-content\/uploads\/2022\/02\/logo-dark.svg","width":150,"height":36,"caption":"JouwWeb"},"image":{"@id":"https:\/\/www.jouwweb.nl\/blog\/#\/schema\/logo\/image\/"}},{"@type":"Person","@id":"https:\/\/www.jouwweb.nl\/blog\/#\/schema\/person\/fa84bc25ceb389fc5a5825380bf0947b","name":"Webador Fran\u00e7ais","image":{"@type":"ImageObject","inLanguage":"en-US","@id":"https:\/\/www.jouwweb.nl\/blog\/#\/schema\/person\/image\/","url":"https:\/\/secure.gravatar.com\/avatar\/65d09fcbe8bcd78999822315bdb8de1b929e28a9681142014f01a092cdb6b6c2?s=96&d=mm&r=g","contentUrl":"https:\/\/secure.gravatar.com\/avatar\/65d09fcbe8bcd78999822315bdb8de1b929e28a9681142014f01a092cdb6b6c2?s=96&d=mm&r=g","caption":"Webador Fran\u00e7ais"}}]}},"lang":"fr","translations":{"fr":2870},"pll_sync_post":[],"_links":{"self":[{"href":"https:\/\/www.webador.fr\/blog\/wp-json\/wp\/v2\/posts\/2870","targetHints":{"allow":["GET"]}}],"collection":[{"href":"https:\/\/www.webador.fr\/blog\/wp-json\/wp\/v2\/posts"}],"about":[{"href":"https:\/\/www.webador.fr\/blog\/wp-json\/wp\/v2\/types\/post"}],"author":[{"embeddable":true,"href":"https:\/\/www.webador.fr\/blog\/wp-json\/wp\/v2\/users\/7"}],"replies":[{"embeddable":true,"href":"https:\/\/www.webador.fr\/blog\/wp-json\/wp\/v2\/comments?post=2870"}],"version-history":[{"count":4,"href":"https:\/\/www.webador.fr\/blog\/wp-json\/wp\/v2\/posts\/2870\/revisions"}],"predecessor-version":[{"id":2876,"href":"https:\/\/www.webador.fr\/blog\/wp-json\/wp\/v2\/posts\/2870\/revisions\/2876"}],"wp:featuredmedia":[{"embeddable":true,"href":"https:\/\/www.webador.fr\/blog\/wp-json\/wp\/v2\/media\/2875"}],"wp:attachment":[{"href":"https:\/\/www.webador.fr\/blog\/wp-json\/wp\/v2\/media?parent=2870"}],"wp:term":[{"taxonomy":"category","embeddable":true,"href":"https:\/\/www.webador.fr\/blog\/wp-json\/wp\/v2\/categories?post=2870"},{"taxonomy":"post_tag","embeddable":true,"href":"https:\/\/www.webador.fr\/blog\/wp-json\/wp\/v2\/tags?post=2870"}],"curies":[{"name":"wp","href":"https:\/\/api.w.org\/{rel}","templated":true}]}}